[{"@context":"https:\/\/schema.org\/","@type":"Blog","@id":"https:\/\/www.venth.cz#Blog","headline":"Venth","description":"\nInformace h\u00fdbou sv\u011btem. Ov\u0161em bohu\u017eel ne v\u017edy t\u00edm spr\u00e1vn\u00fdm sm\u011brem. Ale u n\u00e1s se sna\u017e\u00edme, abyste se pohnuli vp\u0159ed a abychom v\u00e1m nehnuli \u017elu\u010d\u00ed.","url":"https:\/\/www.venth.cz","hasPart":[{"@type":"Article","@id":"https:\/\/www.venth.cz\/objednejte-si-u-nas-z-nasich-sperku\/","headline":"Objednejte si u n\u00e1s z na\u0161ich \u0161perk\u016f","url":"https:\/\/www.venth.cz\/objednejte-si-u-nas-z-nasich-sperku\/","datePublished":"2025-08-26","dateModified":"2025-08-26","mainEntityOfPage":"https:\/\/www.venth.cz\/objednejte-si-u-nas-z-nasich-sperku\/","author":{"@type":"Person","@id":"https:\/\/www.venth.cz\/author\/#Person","name":"","url":"https:\/\/www.venth.cz\/author\/","identifier":1,"image":{"@type":"ImageObject","@id":"https:\/\/secure.gravatar.com\/avatar\/9bbe1b3bd68cf5b616cc697a459b86e3be4df6c120806baf939f8aad94b0a3d6?s=96&d=mm&r=g","url":"https:\/\/secure.gravatar.com\/avatar\/9bbe1b3bd68cf5b616cc697a459b86e3be4df6c120806baf939f8aad94b0a3d6?s=96&d=mm&r=g","height":96,"width":96}},"publisher":{"@type":"Organization","name":"venth.cz","logo":{"@type":"ImageObject","@id":"\/logo.png","url":"\/logo.png","width":600,"height":60}},"image":null,"wordCount":224,"keywords":null},{"@type":"Article","@id":"https:\/\/www.venth.cz\/zadost-o-ruku\/","headline":"\u017d\u00e1dost o ruku","url":"https:\/\/www.venth.cz\/zadost-o-ruku\/","datePublished":"2025-08-22","dateModified":"2025-08-22","mainEntityOfPage":"https:\/\/www.venth.cz\/zadost-o-ruku\/","author":{"@type":"Person","@id":"https:\/\/www.venth.cz\/author\/#Person","name":"","url":"https:\/\/www.venth.cz\/author\/","identifier":1,"image":{"@type":"ImageObject","@id":"https:\/\/secure.gravatar.com\/avatar\/9bbe1b3bd68cf5b616cc697a459b86e3be4df6c120806baf939f8aad94b0a3d6?s=96&d=mm&r=g","url":"https:\/\/secure.gravatar.com\/avatar\/9bbe1b3bd68cf5b616cc697a459b86e3be4df6c120806baf939f8aad94b0a3d6?s=96&d=mm&r=g","height":96,"width":96}},"publisher":{"@type":"Organization","name":"venth.cz","logo":{"@type":"ImageObject","@id":"\/logo.png","url":"\/logo.png","width":600,"height":60}},"image":null,"wordCount":218,"keywords":null},{"@type":"Article","@id":"https:\/\/www.venth.cz\/rekonstrukce-balkonu-a-lodzii-s-tvrzenym-sklem\/","headline":"Rekonstrukce balkon\u016f a lod\u017ei\u00ed s tvrzen\u00fdm sklem","url":"https:\/\/www.venth.cz\/rekonstrukce-balkonu-a-lodzii-s-tvrzenym-sklem\/","datePublished":"2025-08-15","dateModified":"2025-08-15","mainEntityOfPage":"https:\/\/www.venth.cz\/rekonstrukce-balkonu-a-lodzii-s-tvrzenym-sklem\/","author":{"@type":"Person","@id":"https:\/\/www.venth.cz\/author\/#Person","name":"","url":"https:\/\/www.venth.cz\/author\/","identifier":1,"image":{"@type":"ImageObject","@id":"https:\/\/secure.gravatar.com\/avatar\/9bbe1b3bd68cf5b616cc697a459b86e3be4df6c120806baf939f8aad94b0a3d6?s=96&d=mm&r=g","url":"https:\/\/secure.gravatar.com\/avatar\/9bbe1b3bd68cf5b616cc697a459b86e3be4df6c120806baf939f8aad94b0a3d6?s=96&d=mm&r=g","height":96,"width":96}},"publisher":{"@type":"Organization","name":"venth.cz","logo":{"@type":"ImageObject","@id":"\/logo.png","url":"\/logo.png","width":600,"height":60}},"image":{"@type":"ImageObject","@id":"https:\/\/www.venth.cz\/wp-content\/uploads\/residential-building-7068830_640_8.jpg","url":"https:\/\/www.venth.cz\/wp-content\/uploads\/residential-building-7068830_640_8.jpg","height":0,"width":0},"wordCount":625,"keywords":null},{"@type":"Article","@id":"https:\/\/www.venth.cz\/zalezitost-ktera-si-vas-dostane\/","headline":"Z\u00e1le\u017eitost, kter\u00e1 si v\u00e1s dostane","url":"https:\/\/www.venth.cz\/zalezitost-ktera-si-vas-dostane\/","datePublished":"2025-08-13","dateModified":"2025-08-13","mainEntityOfPage":"https:\/\/www.venth.cz\/zalezitost-ktera-si-vas-dostane\/","author":{"@type":"Person","@id":"https:\/\/www.venth.cz\/author\/#Person","name":"","url":"https:\/\/www.venth.cz\/author\/","identifier":1,"image":{"@type":"ImageObject","@id":"https:\/\/secure.gravatar.com\/avatar\/9bbe1b3bd68cf5b616cc697a459b86e3be4df6c120806baf939f8aad94b0a3d6?s=96&d=mm&r=g","url":"https:\/\/secure.gravatar.com\/avatar\/9bbe1b3bd68cf5b616cc697a459b86e3be4df6c120806baf939f8aad94b0a3d6?s=96&d=mm&r=g","height":96,"width":96}},"publisher":{"@type":"Organization","name":"venth.cz","logo":{"@type":"ImageObject","@id":"\/logo.png","url":"\/logo.png","width":600,"height":60}},"image":null,"wordCount":210,"keywords":null},{"@type":"Article","@id":"https:\/\/www.venth.cz\/vyberte-si-auto-uz-ted\/","headline":"Vyberte si auto u\u017e te\u010f","url":"https:\/\/www.venth.cz\/vyberte-si-auto-uz-ted\/","datePublished":"2025-08-10","dateModified":"2025-08-10","mainEntityOfPage":"https:\/\/www.venth.cz\/vyberte-si-auto-uz-ted\/","author":{"@type":"Person","@id":"https:\/\/www.venth.cz\/author\/#Person","name":"","url":"https:\/\/www.venth.cz\/author\/","identifier":1,"image":{"@type":"ImageObject","@id":"https:\/\/secure.gravatar.com\/avatar\/9bbe1b3bd68cf5b616cc697a459b86e3be4df6c120806baf939f8aad94b0a3d6?s=96&d=mm&r=g","url":"https:\/\/secure.gravatar.com\/avatar\/9bbe1b3bd68cf5b616cc697a459b86e3be4df6c120806baf939f8aad94b0a3d6?s=96&d=mm&r=g","height":96,"width":96}},"publisher":{"@type":"Organization","name":"venth.cz","logo":{"@type":"ImageObject","@id":"\/logo.png","url":"\/logo.png","width":600,"height":60}},"image":{"@type":"ImageObject","@id":"https:\/\/www.venth.cz\/wp-content\/uploads\/car-3318430_640_10_10_10_3.jpg","url":"https:\/\/www.venth.cz\/wp-content\/uploads\/car-3318430_640_10_10_10_3.jpg","height":0,"width":0},"wordCount":528,"keywords":null},{"@type":"Article","@id":"https:\/\/www.venth.cz\/energie-z-komunity-pro-verejne-osvetleni\/","headline":"Energie z komunity pro ve\u0159ejn\u00e9 osv\u011btlen\u00ed","url":"https:\/\/www.venth.cz\/energie-z-komunity-pro-verejne-osvetleni\/","datePublished":"2025-08-06","dateModified":"2025-08-06","mainEntityOfPage":"https:\/\/www.venth.cz\/energie-z-komunity-pro-verejne-osvetleni\/","author":{"@type":"Person","@id":"https:\/\/www.venth.cz\/author\/#Person","name":"","url":"https:\/\/www.venth.cz\/author\/","identifier":1,"image":{"@type":"ImageObject","@id":"https:\/\/secure.gravatar.com\/avatar\/9bbe1b3bd68cf5b616cc697a459b86e3be4df6c120806baf939f8aad94b0a3d6?s=96&d=mm&r=g","url":"https:\/\/secure.gravatar.com\/avatar\/9bbe1b3bd68cf5b616cc697a459b86e3be4df6c120806baf939f8aad94b0a3d6?s=96&d=mm&r=g","height":96,"width":96}},"publisher":{"@type":"Organization","name":"venth.cz","logo":{"@type":"ImageObject","@id":"\/logo.png","url":"\/logo.png","width":600,"height":60}},"image":{"@type":"ImageObject","@id":"https:\/\/www.venth.cz\/wp-content\/uploads\/zarovka_UM5jAJ.jpg","url":"https:\/\/www.venth.cz\/wp-content\/uploads\/zarovka_UM5jAJ.jpg","height":0,"width":0},"wordCount":521,"keywords":null},{"@type":"Article","@id":"https:\/\/www.venth.cz\/plovak-pro-kazdy-bazen\/","headline":"Plov\u00e1k pro ka\u017ed\u00fd baz\u00e9n","url":"https:\/\/www.venth.cz\/plovak-pro-kazdy-bazen\/","datePublished":"2025-08-06","dateModified":"2025-08-06","mainEntityOfPage":"https:\/\/www.venth.cz\/plovak-pro-kazdy-bazen\/","author":{"@type":"Person","@id":"https:\/\/www.venth.cz\/author\/#Person","name":"","url":"https:\/\/www.venth.cz\/author\/","identifier":1,"image":{"@type":"ImageObject","@id":"https:\/\/secure.gravatar.com\/avatar\/9bbe1b3bd68cf5b616cc697a459b86e3be4df6c120806baf939f8aad94b0a3d6?s=96&d=mm&r=g","url":"https:\/\/secure.gravatar.com\/avatar\/9bbe1b3bd68cf5b616cc697a459b86e3be4df6c120806baf939f8aad94b0a3d6?s=96&d=mm&r=g","height":96,"width":96}},"publisher":{"@type":"Organization","name":"venth.cz","logo":{"@type":"ImageObject","@id":"\/logo.png","url":"\/logo.png","width":600,"height":60}},"image":null,"wordCount":297,"keywords":null},{"@type":"Article","@id":"https:\/\/www.venth.cz\/vyhoda-pronajmu\/","headline":"V\u00fdhoda pron\u00e1jmu","url":"https:\/\/www.venth.cz\/vyhoda-pronajmu\/","datePublished":"2025-07-31","dateModified":"2025-07-31","mainEntityOfPage":"https:\/\/www.venth.cz\/vyhoda-pronajmu\/","author":{"@type":"Person","@id":"https:\/\/www.venth.cz\/author\/#Person","name":"","url":"https:\/\/www.venth.cz\/author\/","identifier":1,"image":{"@type":"ImageObject","@id":"https:\/\/secure.gravatar.com\/avatar\/9bbe1b3bd68cf5b616cc697a459b86e3be4df6c120806baf939f8aad94b0a3d6?s=96&d=mm&r=g","url":"https:\/\/secure.gravatar.com\/avatar\/9bbe1b3bd68cf5b616cc697a459b86e3be4df6c120806baf939f8aad94b0a3d6?s=96&d=mm&r=g","height":96,"width":96}},"publisher":{"@type":"Organization","name":"venth.cz","logo":{"@type":"ImageObject","@id":"\/logo.png","url":"\/logo.png","width":600,"height":60}},"image":null,"wordCount":214,"keywords":null},{"@type":"Article","@id":"https:\/\/www.venth.cz\/evropska-znacka-aut\/","headline":"Evropsk\u00e1 zna\u010dka aut","url":"https:\/\/www.venth.cz\/evropska-znacka-aut\/","datePublished":"2025-07-23","dateModified":"2025-07-23","mainEntityOfPage":"https:\/\/www.venth.cz\/evropska-znacka-aut\/","author":{"@type":"Person","@id":"https:\/\/www.venth.cz\/author\/#Person","name":"","url":"https:\/\/www.venth.cz\/author\/","identifier":1,"image":{"@type":"ImageObject","@id":"https:\/\/secure.gravatar.com\/avatar\/9bbe1b3bd68cf5b616cc697a459b86e3be4df6c120806baf939f8aad94b0a3d6?s=96&d=mm&r=g","url":"https:\/\/secure.gravatar.com\/avatar\/9bbe1b3bd68cf5b616cc697a459b86e3be4df6c120806baf939f8aad94b0a3d6?s=96&d=mm&r=g","height":96,"width":96}},"publisher":{"@type":"Organization","name":"venth.cz","logo":{"@type":"ImageObject","@id":"\/logo.png","url":"\/logo.png","width":600,"height":60}},"image":null,"wordCount":189,"keywords":null},{"@type":"Article","@id":"https:\/\/www.venth.cz\/v-nasi-nabidce-nechybi-dvere-ani-zimni-zahrady\/","headline":"V na\u0161\u00ed nab\u00eddce nechyb\u00ed dve\u0159e ani zimn\u00ed zahrady","url":"https:\/\/www.venth.cz\/v-nasi-nabidce-nechybi-dvere-ani-zimni-zahrady\/","datePublished":"2025-07-18","dateModified":"2025-07-18","mainEntityOfPage":"https:\/\/www.venth.cz\/v-nasi-nabidce-nechybi-dvere-ani-zimni-zahrady\/","author":{"@type":"Person","@id":"https:\/\/www.venth.cz\/author\/#Person","name":"","url":"https:\/\/www.venth.cz\/author\/","identifier":1,"image":{"@type":"ImageObject","@id":"https:\/\/secure.gravatar.com\/avatar\/9bbe1b3bd68cf5b616cc697a459b86e3be4df6c120806baf939f8aad94b0a3d6?s=96&d=mm&r=g","url":"https:\/\/secure.gravatar.com\/avatar\/9bbe1b3bd68cf5b616cc697a459b86e3be4df6c120806baf939f8aad94b0a3d6?s=96&d=mm&r=g","height":96,"width":96}},"publisher":{"@type":"Organization","name":"venth.cz","logo":{"@type":"ImageObject","@id":"\/logo.png","url":"\/logo.png","width":600,"height":60}},"image":null,"wordCount":206,"keywords":null}]},{"@context":"https:\/\/schema.org","@type":"WebSite","@id":"https:\/\/www.venth.cz\/#website","name":"Venth","url":"https:\/\/www.venth.cz","potentialAction":{"@type":"SearchAction","target":"https:\/\/www.venth.cz\/?s={search_term_string}","query-input":"required name=search_term_string"}}]