[{"@context":"https:\/\/schema.org\/","@type":"Blog","@id":"https:\/\/www.venth.cz#Blog","headline":"Venth","description":"\nInformace h\u00fdbou sv\u011btem. Ov\u0161em bohu\u017eel ne v\u017edy t\u00edm spr\u00e1vn\u00fdm sm\u011brem. Ale u n\u00e1s se sna\u017e\u00edme, abyste se pohnuli vp\u0159ed a abychom v\u00e1m nehnuli \u017elu\u010d\u00ed.","url":"https:\/\/www.venth.cz","hasPart":[{"@type":"Article","@id":"https:\/\/www.venth.cz\/potrebujete-prodat-nemovitost\/","headline":"Pot\u0159ebujete prodat nemovitost?","url":"https:\/\/www.venth.cz\/potrebujete-prodat-nemovitost\/","datePublished":"2026-01-21","dateModified":"2026-01-21","mainEntityOfPage":"https:\/\/www.venth.cz\/potrebujete-prodat-nemovitost\/","author":{"@type":"Person","@id":"https:\/\/www.venth.cz\/author\/#Person","name":"","url":"https:\/\/www.venth.cz\/author\/","identifier":1,"image":{"@type":"ImageObject","@id":"https:\/\/secure.gravatar.com\/avatar\/9bbe1b3bd68cf5b616cc697a459b86e3be4df6c120806baf939f8aad94b0a3d6?s=96&d=mm&r=g","url":"https:\/\/secure.gravatar.com\/avatar\/9bbe1b3bd68cf5b616cc697a459b86e3be4df6c120806baf939f8aad94b0a3d6?s=96&d=mm&r=g","height":96,"width":96}},"publisher":{"@type":"Organization","name":"venth.cz","logo":{"@type":"ImageObject","@id":"\/logo.png","url":"\/logo.png","width":600,"height":60}},"image":{"@type":"ImageObject","@id":"https:\/\/www.venth.cz\/wp-content\/uploads\/contract-6951993_640_10_10_10_10_10_10_8.jpg","url":"https:\/\/www.venth.cz\/wp-content\/uploads\/contract-6951993_640_10_10_10_10_10_10_8.jpg","height":0,"width":0},"wordCount":524,"keywords":null},{"@type":"Article","@id":"https:\/\/www.venth.cz\/bez-plastu-by-nas-svet-vypadal-uplne-jinak\/","headline":"Bez plast\u016f by n\u00e1\u0161 sv\u011bt vypadal \u00fapln\u011b jinak","url":"https:\/\/www.venth.cz\/bez-plastu-by-nas-svet-vypadal-uplne-jinak\/","datePublished":"2025-12-12","dateModified":"2025-12-12","mainEntityOfPage":"https:\/\/www.venth.cz\/bez-plastu-by-nas-svet-vypadal-uplne-jinak\/","author":{"@type":"Person","@id":"https:\/\/www.venth.cz\/author\/#Person","name":"","url":"https:\/\/www.venth.cz\/author\/","identifier":1,"image":{"@type":"ImageObject","@id":"https:\/\/secure.gravatar.com\/avatar\/9bbe1b3bd68cf5b616cc697a459b86e3be4df6c120806baf939f8aad94b0a3d6?s=96&d=mm&r=g","url":"https:\/\/secure.gravatar.com\/avatar\/9bbe1b3bd68cf5b616cc697a459b86e3be4df6c120806baf939f8aad94b0a3d6?s=96&d=mm&r=g","height":96,"width":96}},"publisher":{"@type":"Organization","name":"venth.cz","logo":{"@type":"ImageObject","@id":"\/logo.png","url":"\/logo.png","width":600,"height":60}},"image":{"@type":"ImageObject","@id":"https:\/\/www.venth.cz\/wp-content\/uploads\/casings-5671111_640_7.jpg","url":"https:\/\/www.venth.cz\/wp-content\/uploads\/casings-5671111_640_7.jpg","height":0,"width":0},"wordCount":599,"keywords":null},{"@type":"Article","@id":"https:\/\/www.venth.cz\/brnenske-folie\/","headline":"Brn\u011bnsk\u00e9 f\u00f3lie","url":"https:\/\/www.venth.cz\/brnenske-folie\/","datePublished":"2025-12-01","dateModified":"2025-12-01","mainEntityOfPage":"https:\/\/www.venth.cz\/brnenske-folie\/","author":{"@type":"Person","@id":"https:\/\/www.venth.cz\/author\/#Person","name":"","url":"https:\/\/www.venth.cz\/author\/","identifier":1,"image":{"@type":"ImageObject","@id":"https:\/\/secure.gravatar.com\/avatar\/9bbe1b3bd68cf5b616cc697a459b86e3be4df6c120806baf939f8aad94b0a3d6?s=96&d=mm&r=g","url":"https:\/\/secure.gravatar.com\/avatar\/9bbe1b3bd68cf5b616cc697a459b86e3be4df6c120806baf939f8aad94b0a3d6?s=96&d=mm&r=g","height":96,"width":96}},"publisher":{"@type":"Organization","name":"venth.cz","logo":{"@type":"ImageObject","@id":"\/logo.png","url":"\/logo.png","width":600,"height":60}},"image":{"@type":"ImageObject","@id":"https:\/\/www.venth.cz\/wp-content\/uploads\/IMG_6512_vLltZM.jpeg","url":"https:\/\/www.venth.cz\/wp-content\/uploads\/IMG_6512_vLltZM.jpeg","height":0,"width":0},"wordCount":536,"keywords":null},{"@type":"Article","@id":"https:\/\/www.venth.cz\/kde-sehnat-originalni-sperky\/","headline":"Kde sehnat origin\u00e1ln\u00ed \u0161perky?","url":"https:\/\/www.venth.cz\/kde-sehnat-originalni-sperky\/","datePublished":"2025-11-27","dateModified":"2025-11-27","mainEntityOfPage":"https:\/\/www.venth.cz\/kde-sehnat-originalni-sperky\/","author":{"@type":"Person","@id":"https:\/\/www.venth.cz\/author\/#Person","name":"","url":"https:\/\/www.venth.cz\/author\/","identifier":1,"image":{"@type":"ImageObject","@id":"https:\/\/secure.gravatar.com\/avatar\/9bbe1b3bd68cf5b616cc697a459b86e3be4df6c120806baf939f8aad94b0a3d6?s=96&d=mm&r=g","url":"https:\/\/secure.gravatar.com\/avatar\/9bbe1b3bd68cf5b616cc697a459b86e3be4df6c120806baf939f8aad94b0a3d6?s=96&d=mm&r=g","height":96,"width":96}},"publisher":{"@type":"Organization","name":"venth.cz","logo":{"@type":"ImageObject","@id":"\/logo.png","url":"\/logo.png","width":600,"height":60}},"image":{"@type":"ImageObject","@id":"https:\/\/www.venth.cz\/wp-content\/uploads\/img_a313941_w2558_t1524685586.jpg","url":"https:\/\/www.venth.cz\/wp-content\/uploads\/img_a313941_w2558_t1524685586.jpg","height":0,"width":0},"wordCount":532,"keywords":null},{"@type":"Article","@id":"https:\/\/www.venth.cz\/skrine-na-miru-jako-vitany-spolecnik-pro-celou-rodinu\/","headline":"Sk\u0159\u00edn\u011b na m\u00edru jako v\u00edtan\u00fd spole\u010dn\u00edk pro celou rodinu","url":"https:\/\/www.venth.cz\/skrine-na-miru-jako-vitany-spolecnik-pro-celou-rodinu\/","datePublished":"2025-11-16","dateModified":"2025-11-16","mainEntityOfPage":"https:\/\/www.venth.cz\/skrine-na-miru-jako-vitany-spolecnik-pro-celou-rodinu\/","author":{"@type":"Person","@id":"https:\/\/www.venth.cz\/author\/#Person","name":"","url":"https:\/\/www.venth.cz\/author\/","identifier":1,"image":{"@type":"ImageObject","@id":"https:\/\/secure.gravatar.com\/avatar\/9bbe1b3bd68cf5b616cc697a459b86e3be4df6c120806baf939f8aad94b0a3d6?s=96&d=mm&r=g","url":"https:\/\/secure.gravatar.com\/avatar\/9bbe1b3bd68cf5b616cc697a459b86e3be4df6c120806baf939f8aad94b0a3d6?s=96&d=mm&r=g","height":96,"width":96}},"publisher":{"@type":"Organization","name":"venth.cz","logo":{"@type":"ImageObject","@id":"\/logo.png","url":"\/logo.png","width":600,"height":60}},"image":{"@type":"ImageObject","@id":"https:\/\/www.venth.cz\/wp-content\/uploads\/interior-design-7132493_640_10_10_10_7.jpg","url":"https:\/\/www.venth.cz\/wp-content\/uploads\/interior-design-7132493_640_10_10_10_7.jpg","height":0,"width":0},"wordCount":630,"keywords":null},{"@type":"Article","@id":"https:\/\/www.venth.cz\/stehovani-od-rodicu\/","headline":"St\u011bhov\u00e1n\u00ed od rodi\u010d\u016f","url":"https:\/\/www.venth.cz\/stehovani-od-rodicu\/","datePublished":"2025-11-07","dateModified":"2025-11-07","mainEntityOfPage":"https:\/\/www.venth.cz\/stehovani-od-rodicu\/","author":{"@type":"Person","@id":"https:\/\/www.venth.cz\/author\/#Person","name":"","url":"https:\/\/www.venth.cz\/author\/","identifier":1,"image":{"@type":"ImageObject","@id":"https:\/\/secure.gravatar.com\/avatar\/9bbe1b3bd68cf5b616cc697a459b86e3be4df6c120806baf939f8aad94b0a3d6?s=96&d=mm&r=g","url":"https:\/\/secure.gravatar.com\/avatar\/9bbe1b3bd68cf5b616cc697a459b86e3be4df6c120806baf939f8aad94b0a3d6?s=96&d=mm&r=g","height":96,"width":96}},"publisher":{"@type":"Organization","name":"venth.cz","logo":{"@type":"ImageObject","@id":"\/logo.png","url":"\/logo.png","width":600,"height":60}},"image":{"@type":"ImageObject","@id":"https:\/\/www.venth.cz\/wp-content\/uploads\/weekend-694844_640.jpg","url":"https:\/\/www.venth.cz\/wp-content\/uploads\/weekend-694844_640.jpg","height":0,"width":0},"wordCount":583,"keywords":null},{"@type":"Article","@id":"https:\/\/www.venth.cz\/jake-obory-nezaniknou\/","headline":"Jak\u00e9 obory nezaniknou?","url":"https:\/\/www.venth.cz\/jake-obory-nezaniknou\/","datePublished":"2025-10-24","dateModified":"2025-10-24","mainEntityOfPage":"https:\/\/www.venth.cz\/jake-obory-nezaniknou\/","author":{"@type":"Person","@id":"https:\/\/www.venth.cz\/author\/#Person","name":"","url":"https:\/\/www.venth.cz\/author\/","identifier":1,"image":{"@type":"ImageObject","@id":"https:\/\/secure.gravatar.com\/avatar\/9bbe1b3bd68cf5b616cc697a459b86e3be4df6c120806baf939f8aad94b0a3d6?s=96&d=mm&r=g","url":"https:\/\/secure.gravatar.com\/avatar\/9bbe1b3bd68cf5b616cc697a459b86e3be4df6c120806baf939f8aad94b0a3d6?s=96&d=mm&r=g","height":96,"width":96}},"publisher":{"@type":"Organization","name":"venth.cz","logo":{"@type":"ImageObject","@id":"\/logo.png","url":"\/logo.png","width":600,"height":60}},"image":{"@type":"ImageObject","@id":"https:\/\/www.venth.cz\/wp-content\/uploads\/eet-4764501_640_1.jpg","url":"https:\/\/www.venth.cz\/wp-content\/uploads\/eet-4764501_640_1.jpg","height":0,"width":0},"wordCount":540,"keywords":null},{"@type":"Article","@id":"https:\/\/www.venth.cz\/umela-inteligence-zvladne-vyrobit-nabytek-presne-podle-nakresu\/","headline":"Um\u011bl\u00e1 inteligence zvl\u00e1dne vyrobit n\u00e1bytek p\u0159esn\u011b podle n\u00e1kresu","url":"https:\/\/www.venth.cz\/umela-inteligence-zvladne-vyrobit-nabytek-presne-podle-nakresu\/","datePublished":"2025-09-29","dateModified":"2025-09-29","mainEntityOfPage":"https:\/\/www.venth.cz\/umela-inteligence-zvladne-vyrobit-nabytek-presne-podle-nakresu\/","author":{"@type":"Person","@id":"https:\/\/www.venth.cz\/author\/#Person","name":"","url":"https:\/\/www.venth.cz\/author\/","identifier":1,"image":{"@type":"ImageObject","@id":"https:\/\/secure.gravatar.com\/avatar\/9bbe1b3bd68cf5b616cc697a459b86e3be4df6c120806baf939f8aad94b0a3d6?s=96&d=mm&r=g","url":"https:\/\/secure.gravatar.com\/avatar\/9bbe1b3bd68cf5b616cc697a459b86e3be4df6c120806baf939f8aad94b0a3d6?s=96&d=mm&r=g","height":96,"width":96}},"publisher":{"@type":"Organization","name":"venth.cz","logo":{"@type":"ImageObject","@id":"\/logo.png","url":"\/logo.png","width":600,"height":60}},"image":{"@type":"ImageObject","@id":"https:\/\/www.venth.cz\/wp-content\/uploads\/img_a310963_w2250_t1521925885.jpg","url":"https:\/\/www.venth.cz\/wp-content\/uploads\/img_a310963_w2250_t1521925885.jpg","height":0,"width":0},"wordCount":576,"keywords":null},{"@type":"Article","@id":"https:\/\/www.venth.cz\/protahovaci-trn-patri-do-strojirenske-vyroby\/","headline":"Protahovac\u00ed trn pat\u0159\u00ed do stroj\u00edrensk\u00e9 v\u00fdroby","url":"https:\/\/www.venth.cz\/protahovaci-trn-patri-do-strojirenske-vyroby\/","datePublished":"2025-09-08","dateModified":"2025-09-08","mainEntityOfPage":"https:\/\/www.venth.cz\/protahovaci-trn-patri-do-strojirenske-vyroby\/","author":{"@type":"Person","@id":"https:\/\/www.venth.cz\/author\/#Person","name":"","url":"https:\/\/www.venth.cz\/author\/","identifier":1,"image":{"@type":"ImageObject","@id":"https:\/\/secure.gravatar.com\/avatar\/9bbe1b3bd68cf5b616cc697a459b86e3be4df6c120806baf939f8aad94b0a3d6?s=96&d=mm&r=g","url":"https:\/\/secure.gravatar.com\/avatar\/9bbe1b3bd68cf5b616cc697a459b86e3be4df6c120806baf939f8aad94b0a3d6?s=96&d=mm&r=g","height":96,"width":96}},"publisher":{"@type":"Organization","name":"venth.cz","logo":{"@type":"ImageObject","@id":"\/logo.png","url":"\/logo.png","width":600,"height":60}},"image":{"@type":"ImageObject","@id":"https:\/\/www.venth.cz\/wp-content\/uploads\/lock-3109958_640.jpg","url":"https:\/\/www.venth.cz\/wp-content\/uploads\/lock-3109958_640.jpg","height":0,"width":0},"wordCount":567,"keywords":null},{"@type":"Article","@id":"https:\/\/www.venth.cz\/lide-nemaji-vzdy-dost-penez\/","headline":"Lid\u00e9 nemaj\u00ed v\u017edy dost pen\u011bz","url":"https:\/\/www.venth.cz\/lide-nemaji-vzdy-dost-penez\/","datePublished":"2025-09-04","dateModified":"2025-09-04","mainEntityOfPage":"https:\/\/www.venth.cz\/lide-nemaji-vzdy-dost-penez\/","author":{"@type":"Person","@id":"https:\/\/www.venth.cz\/author\/#Person","name":"","url":"https:\/\/www.venth.cz\/author\/","identifier":1,"image":{"@type":"ImageObject","@id":"https:\/\/secure.gravatar.com\/avatar\/9bbe1b3bd68cf5b616cc697a459b86e3be4df6c120806baf939f8aad94b0a3d6?s=96&d=mm&r=g","url":"https:\/\/secure.gravatar.com\/avatar\/9bbe1b3bd68cf5b616cc697a459b86e3be4df6c120806baf939f8aad94b0a3d6?s=96&d=mm&r=g","height":96,"width":96}},"publisher":{"@type":"Organization","name":"venth.cz","logo":{"@type":"ImageObject","@id":"\/logo.png","url":"\/logo.png","width":600,"height":60}},"image":{"@type":"ImageObject","@id":"https:\/\/www.venth.cz\/wp-content\/uploads\/pppppppppppppppppppppppp_10_10_10_7.jpg","url":"https:\/\/www.venth.cz\/wp-content\/uploads\/pppppppppppppppppppppppp_10_10_10_7.jpg","height":0,"width":0},"wordCount":625,"keywords":null}]},{"@context":"https:\/\/schema.org","@type":"WebSite","@id":"https:\/\/www.venth.cz\/#website","name":"Venth","url":"https:\/\/www.venth.cz","potentialAction":{"@type":"SearchAction","target":"https:\/\/www.venth.cz\/?s={search_term_string}","query-input":"required name=search_term_string"}}]